{"id":2428,"date":"2025-09-10T15:46:47","date_gmt":"2025-09-10T18:46:47","guid":{"rendered":"https:\/\/blogomorangodonordeste.com.br\/?p=2428"},"modified":"2025-09-10T15:46:47","modified_gmt":"2025-09-10T18:46:47","slug":"eu-tenho-apoio-do-povo-vou-honrar-o-mandato-ate-o-ultimo-dia-afirma-brandao","status":"publish","type":"post","link":"https:\/\/blogomorangodonordeste.com.br\/index.php\/2025\/09\/10\/eu-tenho-apoio-do-povo-vou-honrar-o-mandato-ate-o-ultimo-dia-afirma-brandao\/","title":{"rendered":"\u201cEu tenho apoio do povo; vou honrar o mandato at\u00e9 o \u00faltimo dia\u201d, afirma Brand\u00e3o\u00a0"},"content":{"rendered":"<p><img loading=\"lazy\" decoding=\"async\" class=\"alignnone size-full wp-image-2429\" src=\"https:\/\/blogomorangodonordeste.com.br\/wp-content\/uploads\/2025\/09\/IMG-20250910-WA0224.jpg\" alt=\"\" width=\"1060\" height=\"809\" srcset=\"https:\/\/blogomorangodonordeste.com.br\/wp-content\/uploads\/2025\/09\/IMG-20250910-WA0224.jpg 1060w, https:\/\/blogomorangodonordeste.com.br\/wp-content\/uploads\/2025\/09\/IMG-20250910-WA0224-300x229.jpg 300w, https:\/\/blogomorangodonordeste.com.br\/wp-content\/uploads\/2025\/09\/IMG-20250910-WA0224-1024x782.jpg 1024w, https:\/\/blogomorangodonordeste.com.br\/wp-content\/uploads\/2025\/09\/IMG-20250910-WA0224-768x586.jpg 768w\" sizes=\"auto, (max-width: 1060px) 100vw, 1060px\" \/><\/p>\n<p>&nbsp;<\/p>\n<p>&nbsp;<\/p>\n<p>Ap\u00f3s uma semana em Bras\u00edlia, o governador Carlos Brand\u00e3o (PSB) entregou o Terminal da Baixada, em S\u00e3o Lu\u00eds, nesta ter\u00e7a-feira, 9, utilizando forte discurso pol\u00edtico.<\/p>\n<p>&nbsp;<\/p>\n<p>\u201cO povo est\u00e1 enxergando essa persegui\u00e7\u00e3o para tentar intimidar o governador. Mas o governador Brand\u00e3o \u00e9 sertanejo, n\u00e3o tem medo de cara feia, nem de amea\u00e7as. Minha resposta vai ser o trabalho, porque eu tenho apoio do povo\u201d, declarou.<\/p>\n<p>&nbsp;<\/p>\n<p>\u201cDeus e o povo me deram esse mandato, e eu vou honrar at\u00e9 o \u00faltimo dia\u201d, completou o governador.<\/p>\n","protected":false},"excerpt":{"rendered":"<p>&nbsp; &nbsp; Ap\u00f3s uma semana em Bras\u00edlia, o governador Carlos Brand\u00e3o (PSB) entregou o Terminal da Baixada, em S\u00e3o Lu\u00eds, nesta ter\u00e7a-feira, 9, utilizando forte discurso pol\u00edtico. &nbsp; \u201cO povo est\u00e1 enxergando essa persegui\u00e7\u00e3o para tentar intimidar o governador. Mas o governador Brand\u00e3o \u00e9 sertanejo, n\u00e3o tem medo de cara feia, nem de amea\u00e7as. Minha [&hellip;]<\/p>\n","protected":false},"author":1,"featured_media":0,"comment_status":"open","ping_status":"open","sticky":false,"template":"","format":"standard","meta":{"footnotes":""},"categories":[1],"tags":[],"yst_prominent_words":[],"class_list":["post-2428","post","type-post","status-publish","format-standard","hentry","category-noticia-geral"],"_links":{"self":[{"href":"https:\/\/blogomorangodonordeste.com.br\/index.php\/wp-json\/wp\/v2\/posts\/2428","targetHints":{"allow":["GET"]}}],"collection":[{"href":"https:\/\/blogomorangodonordeste.com.br\/index.php\/wp-json\/wp\/v2\/posts"}],"about":[{"href":"https:\/\/blogomorangodonordeste.com.br\/index.php\/wp-json\/wp\/v2\/types\/post"}],"author":[{"embeddable":true,"href":"https:\/\/blogomorangodonordeste.com.br\/index.php\/wp-json\/wp\/v2\/users\/1"}],"replies":[{"embeddable":true,"href":"https:\/\/blogomorangodonordeste.com.br\/index.php\/wp-json\/wp\/v2\/comments?post=2428"}],"version-history":[{"count":1,"href":"https:\/\/blogomorangodonordeste.com.br\/index.php\/wp-json\/wp\/v2\/posts\/2428\/revisions"}],"predecessor-version":[{"id":2430,"href":"https:\/\/blogomorangodonordeste.com.br\/index.php\/wp-json\/wp\/v2\/posts\/2428\/revisions\/2430"}],"wp:attachment":[{"href":"https:\/\/blogomorangodonordeste.com.br\/index.php\/wp-json\/wp\/v2\/media?parent=2428"}],"wp:term":[{"taxonomy":"category","embeddable":true,"href":"https:\/\/blogomorangodonordeste.com.br\/index.php\/wp-json\/wp\/v2\/categories?post=2428"},{"taxonomy":"post_tag","embeddable":true,"href":"https:\/\/blogomorangodonordeste.com.br\/index.php\/wp-json\/wp\/v2\/tags?post=2428"},{"taxonomy":"yst_prominent_words","embeddable":true,"href":"https:\/\/blogomorangodonordeste.com.br\/index.php\/wp-json\/wp\/v2\/yst_prominent_words?post=2428"}],"curies":[{"name":"wp","href":"https:\/\/api.w.org\/{rel}","templated":true}]}}