{"id":2150,"date":"2025-07-10T13:24:41","date_gmt":"2025-07-10T16:24:41","guid":{"rendered":"https:\/\/blogomorangodonordeste.com.br\/?p=2150"},"modified":"2025-07-10T13:24:41","modified_gmt":"2025-07-10T16:24:41","slug":"durante-missa-padre-george-faz-discurso-contundente-ao-prefeito-de-viana-cuide-desta-cidade-como-uma-dona-de-casa-cuida-da-sua-casa","status":"publish","type":"post","link":"https:\/\/blogomorangodonordeste.com.br\/index.php\/2025\/07\/10\/durante-missa-padre-george-faz-discurso-contundente-ao-prefeito-de-viana-cuide-desta-cidade-como-uma-dona-de-casa-cuida-da-sua-casa\/","title":{"rendered":"Durante missa, padre George faz discurso contundente ao prefeito de Viana: \u201cCuide desta cidade como uma dona de casa cuida da sua casa\u201d"},"content":{"rendered":"<div id=\"attachment_2151\" style=\"width: 1294px\" class=\"wp-caption alignnone\"><img loading=\"lazy\" decoding=\"async\" aria-describedby=\"caption-attachment-2151\" class=\"size-full wp-image-2151\" src=\"https:\/\/blogomorangodonordeste.com.br\/wp-content\/uploads\/2025\/07\/IMG_7589.jpeg\" alt=\"\" width=\"1284\" height=\"1145\" srcset=\"https:\/\/blogomorangodonordeste.com.br\/wp-content\/uploads\/2025\/07\/IMG_7589.jpeg 1284w, https:\/\/blogomorangodonordeste.com.br\/wp-content\/uploads\/2025\/07\/IMG_7589-300x268.jpeg 300w, https:\/\/blogomorangodonordeste.com.br\/wp-content\/uploads\/2025\/07\/IMG_7589-1024x913.jpeg 1024w, https:\/\/blogomorangodonordeste.com.br\/wp-content\/uploads\/2025\/07\/IMG_7589-768x685.jpeg 768w\" sizes=\"auto, (max-width: 1284px) 100vw, 1284px\" \/><p id=\"caption-attachment-2151\" class=\"wp-caption-text\">https:\/\/youtu.be\/X4IDNfkMba8?si=x7JiAjA9DtOTa-UW<\/p><\/div>\n<p style=\"text-align: justify;\">Durante a missa solene em comemora\u00e7\u00e3o aos 268 anos de emancipa\u00e7\u00e3o pol\u00edtica de Viana, o padre George, vig\u00e1rio geral da Diocese, emocionou e impactou os presentes ao direcionar um discurso firme e direto ao prefeito Carrinho Cidreira. A homilia, que misturou f\u00e9, cobran\u00e7a e esperan\u00e7a, ecoou como um verdadeiro chamado \u00e0 responsabilidade p\u00fablica e social.<\/p>\n<p><iframe loading=\"lazy\" title=\"Durante missa, padre George faz discurso contundente ao prefeito de Viana: Carrinho Cidreira\" width=\"565\" height=\"318\" src=\"https:\/\/www.youtube.com\/embed\/X4IDNfkMba8?feature=oembed\" frameborder=\"0\" allow=\"accelerometer; autoplay; clipboard-write; encrypted-media; gyroscope; picture-in-picture; web-share\" referrerpolicy=\"strict-origin-when-cross-origin\" allowfullscreen><\/iframe><\/p>\n<p style=\"text-align: justify;\">\u201cApenas fa\u00e7a o discurso, homem de Deus, para que no final do seu governo essa palavra do Evangelho ecoe n\u00e3o s\u00f3 no seu ouvido, mas no seu cora\u00e7\u00e3o\u201d, iniciou o padre, numa fala que ganhou for\u00e7a e aten\u00e7\u00e3o a cada palavra proferida.<\/p>\n<p style=\"text-align: justify;\">Em tom pastoral, mas sem poupar cr\u00edticas, ele pediu aten\u00e7\u00e3o especial aos mais vulner\u00e1veis: \u201cNunca se viu coisa igual. Cuida desta cidade como uma dona de casa cuida da sua casa. Olhe para os pobres, para os necessitados. Fa\u00e7a para os outros, senhor prefeito, o que o senhor gostaria que os outros fizessem para o senhor. Fa\u00e7a para as fam\u00edlias desta cidade aquilo que o senhor gostaria que fizesse para a sua.\u201d<\/p>\n<p style=\"text-align: justify;\">Inspirando-se no Evangelho do dia, o padre convocou o prefeito a se fazer presente nos bairros e comunidades mais afastadas, como fez Jesus em sua miss\u00e3o: \u201cV\u00e1 aos interiores, como fez Jesus no Evangelho de hoje. N\u00e3o seja omisso, senhor prefeito.\u201d<\/p>\n<p style=\"text-align: justify;\">Ele alertou ainda sobre o pecado da omiss\u00e3o, que, segundo ele, \u00e9 um dos maiores males da atualidade: \u201cPorque para mim, padre de hoje, o pecado odierno hoje, o pecado de hoje, \u00e9 a omiss\u00e3o. Tanto da igreja, quanto do poder civil. A omiss\u00e3o. E o pecado da omiss\u00e3o, vice-prefeita, devia perfurar nosso cora\u00e7\u00e3o e rasgar a nossa consci\u00eancia.\u201d<\/p>\n<p style=\"text-align: justify;\">Em um dos trechos mais emblem\u00e1ticos, o padre tocou em uma cr\u00edtica recorrente sobre a gest\u00e3o p\u00fablica em reelei\u00e7\u00f5es: \u201cDizem, na sociedade, que quem faz o primeiro mandato faz bem. Mas quem faz o segundo, esquece o povo. Voc\u00eas est\u00e3o ouvindo o que ele disse agora aqui para mim? Diz que vai fazer melhor, ent\u00e3o, senhor prefeito, fa\u00e7a proceder na g\u00edria popular com todo o respeito. Fa\u00e7a com que a boca se rasgue no arame. Quebra essa cultura de dizer que o segundo mandato \u00e9 s\u00f3 para se bem fazer. \u00c9 o bem estar. Quebre isso.\u201d<\/p>\n<p style=\"text-align: justify;\">Padre George encerrou seu discurso estendendo sua fala como representante da Diocese de Viana e transmitindo tamb\u00e9m a voz do bispo diocesano. \u201cParab\u00e9ns, porque o manequim da vitrine agora \u00e9 o senhor. Conduza esta cidade para dias melhores. Esta que \u00e9 uma das cidades mais importantes do Maranh\u00e3o, n\u00e3o deixe, senhor prefeito, esta cidade perder o busto.\u201d<\/p>\n<p style=\"text-align: justify;\">E finalizou com uma b\u00ean\u00e7\u00e3o marcante e simb\u00f3lica: \u201cE que esta minha fala, agora, persiga o senhor como a sua pr\u00f3pria sombra. Que assim seja. Am\u00e9m.\u201d<\/p>\n<p style=\"text-align: justify;\">O discurso gerou como\u00e7\u00e3o entre os fi\u00e9is e repercutiu fortemente entre as autoridades presentes e a popula\u00e7\u00e3o vianense, marcando os 268 anos da cidade n\u00e3o apenas como uma celebra\u00e7\u00e3o hist\u00f3rica, mas como um momento de profunda reflex\u00e3o sobre os rumos da administra\u00e7\u00e3o p\u00fablica local.<\/p>\n","protected":false},"excerpt":{"rendered":"<p>Durante a missa solene em comemora\u00e7\u00e3o aos 268 anos de emancipa\u00e7\u00e3o pol\u00edtica de Viana, o padre George, vig\u00e1rio geral da Diocese, emocionou e impactou os presentes ao direcionar um discurso firme e direto ao prefeito Carrinho Cidreira. A homilia, que misturou f\u00e9, cobran\u00e7a e esperan\u00e7a, ecoou como um verdadeiro chamado \u00e0 responsabilidade p\u00fablica e social. [&hellip;]<\/p>\n","protected":false},"author":1,"featured_media":0,"comment_status":"open","ping_status":"open","sticky":false,"template":"","format":"standard","meta":{"footnotes":""},"categories":[1],"tags":[551,552],"yst_prominent_words":[],"class_list":["post-2150","post","type-post","status-publish","format-standard","hentry","category-noticia-geral","tag-durante-missa","tag-padre-george-faz-discurso-contundente-ao-prefeito-de-viana-cuide-desta-cidade-como-uma-dona-de-casa-cuida-da-sua-casa"],"_links":{"self":[{"href":"https:\/\/blogomorangodonordeste.com.br\/index.php\/wp-json\/wp\/v2\/posts\/2150","targetHints":{"allow":["GET"]}}],"collection":[{"href":"https:\/\/blogomorangodonordeste.com.br\/index.php\/wp-json\/wp\/v2\/posts"}],"about":[{"href":"https:\/\/blogomorangodonordeste.com.br\/index.php\/wp-json\/wp\/v2\/types\/post"}],"author":[{"embeddable":true,"href":"https:\/\/blogomorangodonordeste.com.br\/index.php\/wp-json\/wp\/v2\/users\/1"}],"replies":[{"embeddable":true,"href":"https:\/\/blogomorangodonordeste.com.br\/index.php\/wp-json\/wp\/v2\/comments?post=2150"}],"version-history":[{"count":1,"href":"https:\/\/blogomorangodonordeste.com.br\/index.php\/wp-json\/wp\/v2\/posts\/2150\/revisions"}],"predecessor-version":[{"id":2152,"href":"https:\/\/blogomorangodonordeste.com.br\/index.php\/wp-json\/wp\/v2\/posts\/2150\/revisions\/2152"}],"wp:attachment":[{"href":"https:\/\/blogomorangodonordeste.com.br\/index.php\/wp-json\/wp\/v2\/media?parent=2150"}],"wp:term":[{"taxonomy":"category","embeddable":true,"href":"https:\/\/blogomorangodonordeste.com.br\/index.php\/wp-json\/wp\/v2\/categories?post=2150"},{"taxonomy":"post_tag","embeddable":true,"href":"https:\/\/blogomorangodonordeste.com.br\/index.php\/wp-json\/wp\/v2\/tags?post=2150"},{"taxonomy":"yst_prominent_words","embeddable":true,"href":"https:\/\/blogomorangodonordeste.com.br\/index.php\/wp-json\/wp\/v2\/yst_prominent_words?post=2150"}],"curies":[{"name":"wp","href":"https:\/\/api.w.org\/{rel}","templated":true}]}}