{"id":1912,"date":"2025-05-13T12:32:00","date_gmt":"2025-05-13T15:32:00","guid":{"rendered":"https:\/\/blogomorangodonordeste.com.br\/?p=1912"},"modified":"2025-05-13T12:32:00","modified_gmt":"2025-05-13T15:32:00","slug":"nikolas-ferreira-diz-que-vai-pedir-impeachment-de-flavio-dino-por-fala-sobre-vice-de-camarao","status":"publish","type":"post","link":"https:\/\/blogomorangodonordeste.com.br\/index.php\/2025\/05\/13\/nikolas-ferreira-diz-que-vai-pedir-impeachment-de-flavio-dino-por-fala-sobre-vice-de-camarao\/","title":{"rendered":"Nikolas Ferreira diz que vai pedir impeachment de Fl\u00e1vio Dino por fala sobre vice de Camar\u00e3o"},"content":{"rendered":"<p><img loading=\"lazy\" decoding=\"async\" class=\"alignnone size-full wp-image-1913\" src=\"https:\/\/blogomorangodonordeste.com.br\/wp-content\/uploads\/2025\/05\/IMG-20250513-WA0052.jpg\" alt=\"\" width=\"488\" height=\"322\" srcset=\"https:\/\/blogomorangodonordeste.com.br\/wp-content\/uploads\/2025\/05\/IMG-20250513-WA0052.jpg 488w, https:\/\/blogomorangodonordeste.com.br\/wp-content\/uploads\/2025\/05\/IMG-20250513-WA0052-300x198.jpg 300w, https:\/\/blogomorangodonordeste.com.br\/wp-content\/uploads\/2025\/05\/IMG-20250513-WA0052-150x100.jpg 150w\" sizes=\"auto, (max-width: 488px) 100vw, 488px\" \/><\/p>\n<p>&nbsp;<\/p>\n<p>O deputado federal Nikolas Ferreira (PL-MG) afirmou na segunda-feira (12) que ir\u00e1 protocolar um pedido de impeachment contra o ministro do Supremo Tribunal Federal (STF) Fl\u00e1vio Dino, por suposta interfer\u00eancia pol\u00edtica no Maranh\u00e3o \u2014 estado que Dino governou at\u00e9 2022.<\/p>\n<p>&nbsp;<\/p>\n<p>Segundo Nikolas, durante uma aula magna sobre \u201cSTF e harmonia entre os poderes\u201d, realizada no Maranh\u00e3o, Dino teria sugerido nomes de poss\u00edveis candidatos para a futura chapa de governador e vice no estado. A cr\u00edtica do deputado se baseia na tese de que Dino, agora ministro da Suprema Corte, estaria violando o princ\u00edpio da imparcialidade ao participar de discuss\u00f5es pol\u00edtico-eleitorais locais.<\/p>\n<p>&nbsp;<\/p>\n<p>Como refor\u00e7o \u00e0 acusa\u00e7\u00e3o, o parlamentar mencionou uma nota do atual governador do Maranh\u00e3o, Carlos Brand\u00e3o (PSB), que teria tentado suavizar a repercuss\u00e3o afirmando que \u201cesse n\u00e3o \u00e9 o momento de disputa pol\u00edtica\u201d \u2014 o que, segundo Nikolas, seria uma confirma\u00e7\u00e3o impl\u00edcita de que o evento teve car\u00e1ter pol\u00edtico.<\/p>\n<p>&nbsp;<\/p>\n<p>O deputado anunciou que acionar\u00e1 o Senado Federal com um pedido de impeachment e tamb\u00e9m o Conselho Nacional de Justi\u00e7a (CNJ) para que o comportamento de Fl\u00e1vio Dino seja apurado formalmente. Para Nikolas, o Judici\u00e1rio deve ser imparcial e n\u00e3o agir como \u201cum comit\u00ea eleitoral\u201d.<\/p>\n<p>&nbsp;<\/p>\n<p>At\u00e9 o momento, nem Fl\u00e1vio Dino nem o STF se pronunciaram oficialmente sobre o epis\u00f3dio.<\/p>\n","protected":false},"excerpt":{"rendered":"<p>&nbsp; O deputado federal Nikolas Ferreira (PL-MG) afirmou na segunda-feira (12) que ir\u00e1 protocolar um pedido de impeachment contra o ministro do Supremo Tribunal Federal (STF) Fl\u00e1vio Dino, por suposta interfer\u00eancia pol\u00edtica no Maranh\u00e3o \u2014 estado que Dino governou at\u00e9 2022. &nbsp; Segundo Nikolas, durante uma aula magna sobre \u201cSTF e harmonia entre os poderes\u201d, [&hellip;]<\/p>\n","protected":false},"author":1,"featured_media":0,"comment_status":"open","ping_status":"open","sticky":false,"template":"","format":"standard","meta":{"footnotes":""},"categories":[1],"tags":[],"yst_prominent_words":[],"class_list":["post-1912","post","type-post","status-publish","format-standard","hentry","category-noticia-geral"],"_links":{"self":[{"href":"https:\/\/blogomorangodonordeste.com.br\/index.php\/wp-json\/wp\/v2\/posts\/1912","targetHints":{"allow":["GET"]}}],"collection":[{"href":"https:\/\/blogomorangodonordeste.com.br\/index.php\/wp-json\/wp\/v2\/posts"}],"about":[{"href":"https:\/\/blogomorangodonordeste.com.br\/index.php\/wp-json\/wp\/v2\/types\/post"}],"author":[{"embeddable":true,"href":"https:\/\/blogomorangodonordeste.com.br\/index.php\/wp-json\/wp\/v2\/users\/1"}],"replies":[{"embeddable":true,"href":"https:\/\/blogomorangodonordeste.com.br\/index.php\/wp-json\/wp\/v2\/comments?post=1912"}],"version-history":[{"count":1,"href":"https:\/\/blogomorangodonordeste.com.br\/index.php\/wp-json\/wp\/v2\/posts\/1912\/revisions"}],"predecessor-version":[{"id":1914,"href":"https:\/\/blogomorangodonordeste.com.br\/index.php\/wp-json\/wp\/v2\/posts\/1912\/revisions\/1914"}],"wp:attachment":[{"href":"https:\/\/blogomorangodonordeste.com.br\/index.php\/wp-json\/wp\/v2\/media?parent=1912"}],"wp:term":[{"taxonomy":"category","embeddable":true,"href":"https:\/\/blogomorangodonordeste.com.br\/index.php\/wp-json\/wp\/v2\/categories?post=1912"},{"taxonomy":"post_tag","embeddable":true,"href":"https:\/\/blogomorangodonordeste.com.br\/index.php\/wp-json\/wp\/v2\/tags?post=1912"},{"taxonomy":"yst_prominent_words","embeddable":true,"href":"https:\/\/blogomorangodonordeste.com.br\/index.php\/wp-json\/wp\/v2\/yst_prominent_words?post=1912"}],"curies":[{"name":"wp","href":"https:\/\/api.w.org\/{rel}","templated":true}]}}