{"id":1908,"date":"2025-05-12T18:01:12","date_gmt":"2025-05-12T21:01:12","guid":{"rendered":"https:\/\/blogomorangodonordeste.com.br\/?p=1908"},"modified":"2025-05-12T18:01:12","modified_gmt":"2025-05-12T21:01:12","slug":"abastecimento-de-agua-sera-interrompido-nesta-terca-feira-13-em-sao-luis-veja-os-bairros-afetados","status":"publish","type":"post","link":"https:\/\/blogomorangodonordeste.com.br\/index.php\/2025\/05\/12\/abastecimento-de-agua-sera-interrompido-nesta-terca-feira-13-em-sao-luis-veja-os-bairros-afetados\/","title":{"rendered":"Abastecimento de \u00e1gua ser\u00e1 interrompido nesta ter\u00e7a-feira (13) em S\u00e3o Lu\u00eds; veja os bairros afetados"},"content":{"rendered":"<p><img loading=\"lazy\" decoding=\"async\" class=\"alignnone size-full wp-image-1909\" src=\"https:\/\/blogomorangodonordeste.com.br\/wp-content\/uploads\/2025\/05\/IMG-20250512-WA0082.jpg\" alt=\"\" width=\"1000\" height=\"750\" srcset=\"https:\/\/blogomorangodonordeste.com.br\/wp-content\/uploads\/2025\/05\/IMG-20250512-WA0082.jpg 1000w, https:\/\/blogomorangodonordeste.com.br\/wp-content\/uploads\/2025\/05\/IMG-20250512-WA0082-300x225.jpg 300w, https:\/\/blogomorangodonordeste.com.br\/wp-content\/uploads\/2025\/05\/IMG-20250512-WA0082-768x576.jpg 768w\" sizes=\"auto, (max-width: 1000px) 100vw, 1000px\" \/><\/p>\n<p>&nbsp;<\/p>\n<p>&nbsp;<\/p>\n<p>A Companhia de Saneamento Ambiental do Maranh\u00e3o (Caema) informou que o abastecimento de \u00e1gua por meio do Sistema Italu\u00eds vai ser interrompido a partir das 5h30 desta ter\u00e7a-feira (13), em S\u00e3o Lu\u00eds, para a instala\u00e7\u00e3o de novos transformadores na Subesta\u00e7\u00e3o do Sistema Produtor de \u00c1gua do Italu\u00eds.<\/p>\n<p>&nbsp;<\/p>\n<p>Ap\u00f3s este per\u00edodo, a Companhia de Saneamento Ambiental do Maranh\u00e3o (Caema) far\u00e1 interven\u00e7\u00f5es e o abastecimento de \u00e1gua ser\u00e1 normalizado gradativamente, a partir das 22h desta ter\u00e7a-feira.<\/p>\n<p>&nbsp;<\/p>\n<p>De acordo com a Caema, os bairros atingidos com este desabastecimento s\u00e3o:<\/p>\n<p>Angelim<\/p>\n<p>Bequim\u00e3o<\/p>\n<p>Cohama<\/p>\n<p>Parte da Cohab<\/p>\n<p>Parte do Cohatrac<\/p>\n<p>Maranh\u00e3o Novo<\/p>\n<p>Vinhais<\/p>\n<p>Planalto Vinhais<\/p>\n<p>Olho d\u2019\u00c1gua<\/p>\n<p>Parte do Habitacional Turu<\/p>\n<p>Anjo da Guarda<\/p>\n<p>Alto da Esperan\u00e7a<\/p>\n<p>Santo Ant\u00f4nio<\/p>\n<p>Centro<\/p>\n<p>Monte Castelo<\/p>\n<p>S\u00e3o Crist\u00f3v\u00e3o e \u00e1reas adjacentes aos mencionados bairros<\/p>\n<p>&nbsp;<\/p>\n<p>A Companhia informou que n\u00e3o haver\u00e1 descontinuidade no abastecimento em 200 bairros da capital, atendidos por sistemas de po\u00e7os.<\/p>\n<p>&nbsp;<\/p>\n<p>Como ocorre em todas as paralisa\u00e7\u00f5es do abastecimento, a Companhia pede aos consumidores que mantenham suas caixas d&#8217;\u00e1gua abastecidas e utilizem \u00e1gua de forma racional, reduzindo o tempo de banho, evitando lavar carros e quintais e combatendo o desperd\u00edcio ao executar as tarefas dom\u00e9sticas.<\/p>\n","protected":false},"excerpt":{"rendered":"<p>&nbsp; &nbsp; A Companhia de Saneamento Ambiental do Maranh\u00e3o (Caema) informou que o abastecimento de \u00e1gua por meio do Sistema Italu\u00eds vai ser interrompido a partir das 5h30 desta ter\u00e7a-feira (13), em S\u00e3o Lu\u00eds, para a instala\u00e7\u00e3o de novos transformadores na Subesta\u00e7\u00e3o do Sistema Produtor de \u00c1gua do Italu\u00eds. &nbsp; Ap\u00f3s este per\u00edodo, a Companhia [&hellip;]<\/p>\n","protected":false},"author":1,"featured_media":0,"comment_status":"open","ping_status":"open","sticky":false,"template":"","format":"standard","meta":{"footnotes":""},"categories":[1],"tags":[],"yst_prominent_words":[],"class_list":["post-1908","post","type-post","status-publish","format-standard","hentry","category-noticia-geral"],"_links":{"self":[{"href":"https:\/\/blogomorangodonordeste.com.br\/index.php\/wp-json\/wp\/v2\/posts\/1908","targetHints":{"allow":["GET"]}}],"collection":[{"href":"https:\/\/blogomorangodonordeste.com.br\/index.php\/wp-json\/wp\/v2\/posts"}],"about":[{"href":"https:\/\/blogomorangodonordeste.com.br\/index.php\/wp-json\/wp\/v2\/types\/post"}],"author":[{"embeddable":true,"href":"https:\/\/blogomorangodonordeste.com.br\/index.php\/wp-json\/wp\/v2\/users\/1"}],"replies":[{"embeddable":true,"href":"https:\/\/blogomorangodonordeste.com.br\/index.php\/wp-json\/wp\/v2\/comments?post=1908"}],"version-history":[{"count":1,"href":"https:\/\/blogomorangodonordeste.com.br\/index.php\/wp-json\/wp\/v2\/posts\/1908\/revisions"}],"predecessor-version":[{"id":1910,"href":"https:\/\/blogomorangodonordeste.com.br\/index.php\/wp-json\/wp\/v2\/posts\/1908\/revisions\/1910"}],"wp:attachment":[{"href":"https:\/\/blogomorangodonordeste.com.br\/index.php\/wp-json\/wp\/v2\/media?parent=1908"}],"wp:term":[{"taxonomy":"category","embeddable":true,"href":"https:\/\/blogomorangodonordeste.com.br\/index.php\/wp-json\/wp\/v2\/categories?post=1908"},{"taxonomy":"post_tag","embeddable":true,"href":"https:\/\/blogomorangodonordeste.com.br\/index.php\/wp-json\/wp\/v2\/tags?post=1908"},{"taxonomy":"yst_prominent_words","embeddable":true,"href":"https:\/\/blogomorangodonordeste.com.br\/index.php\/wp-json\/wp\/v2\/yst_prominent_words?post=1908"}],"curies":[{"name":"wp","href":"https:\/\/api.w.org\/{rel}","templated":true}]}}