{"id":1903,"date":"2025-05-12T17:47:40","date_gmt":"2025-05-12T20:47:40","guid":{"rendered":"https:\/\/blogomorangodonordeste.com.br\/?p=1903"},"modified":"2025-05-12T17:50:11","modified_gmt":"2025-05-12T20:50:11","slug":"e-momento-de-disputa-politica-diz-brandao-apos-dino-sugerir-vice-a-camarao","status":"publish","type":"post","link":"https:\/\/blogomorangodonordeste.com.br\/index.php\/2025\/05\/12\/e-momento-de-disputa-politica-diz-brandao-apos-dino-sugerir-vice-a-camarao\/","title":{"rendered":"\u201cN\u00e3o \u00e9 momento de disputa pol\u00edtica\u201d, diz Brand\u00e3o ap\u00f3s Dino \u2018sugerir\u2019 vice a Camar\u00e3o"},"content":{"rendered":"<p><img loading=\"lazy\" decoding=\"async\" class=\"alignnone size-full wp-image-1904\" src=\"https:\/\/blogomorangodonordeste.com.br\/wp-content\/uploads\/2025\/05\/IMG-20250512-WA0150.jpg\" alt=\"\" width=\"1024\" height=\"683\" srcset=\"https:\/\/blogomorangodonordeste.com.br\/wp-content\/uploads\/2025\/05\/IMG-20250512-WA0150.jpg 1024w, https:\/\/blogomorangodonordeste.com.br\/wp-content\/uploads\/2025\/05\/IMG-20250512-WA0150-300x200.jpg 300w, https:\/\/blogomorangodonordeste.com.br\/wp-content\/uploads\/2025\/05\/IMG-20250512-WA0150-768x512.jpg 768w, https:\/\/blogomorangodonordeste.com.br\/wp-content\/uploads\/2025\/05\/IMG-20250512-WA0150-150x100.jpg 150w\" sizes=\"auto, (max-width: 1024px) 100vw, 1024px\" \/><\/p>\n<p>&nbsp;<\/p>\n<p>O governador Carlos Brand\u00e3o, se manifestou ap\u00f3s declara\u00e7\u00e3o do ministro Fl\u00e1vio Dino na noite de sexta-feira (9), durante Aula Magna em uma universidade privada em S\u00e3o Lu\u00eds.<\/p>\n<p>&nbsp;<\/p>\n<p>Na ocasi\u00e3o, o titular do STF tratou o vice-governador Felipe Camar\u00e3o como candidato ao governo do Estado em 2026 e, em tom de brincadeira, sugeriu a professora Teresa Helena Barros como vice da futura chapa.<\/p>\n<p>&nbsp;<\/p>\n<p>\u201cEsse n\u00e3o \u00e9 momento de disputa pol\u00edtica. \u00c9 momento de governar, de cuidar do nosso povo e de transformar o Maranh\u00e3o. E \u00e9 isso que a nossa gest\u00e3o tem feito: transformar vidas no social e no econ\u00f4mico. (sic) Nosso foco \u00e9 trabalho. Nosso compromisso \u00e9 com o povo. Aqui se arrega\u00e7a as mangas e se entrega resultado. Disputa pol\u00edtica n\u00e3o \u00e9 o nosso caminho, transformar vidas \u00e9\u201d, declarou Brand\u00e3o.<\/p>\n","protected":false},"excerpt":{"rendered":"<p>&nbsp; O governador Carlos Brand\u00e3o, se manifestou ap\u00f3s declara\u00e7\u00e3o do ministro Fl\u00e1vio Dino na noite de sexta-feira (9), durante Aula Magna em uma universidade privada em S\u00e3o Lu\u00eds. &nbsp; Na ocasi\u00e3o, o titular do STF tratou o vice-governador Felipe Camar\u00e3o como candidato ao governo do Estado em 2026 e, em tom de brincadeira, sugeriu a [&hellip;]<\/p>\n","protected":false},"author":1,"featured_media":0,"comment_status":"open","ping_status":"open","sticky":false,"template":"","format":"standard","meta":{"footnotes":""},"categories":[1],"tags":[],"yst_prominent_words":[],"class_list":["post-1903","post","type-post","status-publish","format-standard","hentry","category-noticia-geral"],"_links":{"self":[{"href":"https:\/\/blogomorangodonordeste.com.br\/index.php\/wp-json\/wp\/v2\/posts\/1903","targetHints":{"allow":["GET"]}}],"collection":[{"href":"https:\/\/blogomorangodonordeste.com.br\/index.php\/wp-json\/wp\/v2\/posts"}],"about":[{"href":"https:\/\/blogomorangodonordeste.com.br\/index.php\/wp-json\/wp\/v2\/types\/post"}],"author":[{"embeddable":true,"href":"https:\/\/blogomorangodonordeste.com.br\/index.php\/wp-json\/wp\/v2\/users\/1"}],"replies":[{"embeddable":true,"href":"https:\/\/blogomorangodonordeste.com.br\/index.php\/wp-json\/wp\/v2\/comments?post=1903"}],"version-history":[{"count":2,"href":"https:\/\/blogomorangodonordeste.com.br\/index.php\/wp-json\/wp\/v2\/posts\/1903\/revisions"}],"predecessor-version":[{"id":1906,"href":"https:\/\/blogomorangodonordeste.com.br\/index.php\/wp-json\/wp\/v2\/posts\/1903\/revisions\/1906"}],"wp:attachment":[{"href":"https:\/\/blogomorangodonordeste.com.br\/index.php\/wp-json\/wp\/v2\/media?parent=1903"}],"wp:term":[{"taxonomy":"category","embeddable":true,"href":"https:\/\/blogomorangodonordeste.com.br\/index.php\/wp-json\/wp\/v2\/categories?post=1903"},{"taxonomy":"post_tag","embeddable":true,"href":"https:\/\/blogomorangodonordeste.com.br\/index.php\/wp-json\/wp\/v2\/tags?post=1903"},{"taxonomy":"yst_prominent_words","embeddable":true,"href":"https:\/\/blogomorangodonordeste.com.br\/index.php\/wp-json\/wp\/v2\/yst_prominent_words?post=1903"}],"curies":[{"name":"wp","href":"https:\/\/api.w.org\/{rel}","templated":true}]}}