{"id":1552,"date":"2025-02-17T13:18:39","date_gmt":"2025-02-17T16:18:39","guid":{"rendered":"https:\/\/blogomorangodonordeste.com.br\/?p=1552"},"modified":"2025-02-17T13:25:11","modified_gmt":"2025-02-17T16:25:11","slug":"1552","status":"publish","type":"post","link":"https:\/\/blogomorangodonordeste.com.br\/index.php\/2025\/02\/17\/1552\/","title":{"rendered":"S\u00e3o Lu\u00eds: greve total dos rodovi\u00e1rios afeta 700 mil passageiros"},"content":{"rendered":"<p><img loading=\"lazy\" decoding=\"async\" class=\"alignnone size-full wp-image-1555\" src=\"https:\/\/blogomorangodonordeste.com.br\/wp-content\/uploads\/2025\/02\/IMG_4270.jpeg\" alt=\"\" width=\"554\" height=\"554\" srcset=\"https:\/\/blogomorangodonordeste.com.br\/wp-content\/uploads\/2025\/02\/IMG_4270.jpeg 554w, https:\/\/blogomorangodonordeste.com.br\/wp-content\/uploads\/2025\/02\/IMG_4270-300x300.jpeg 300w, https:\/\/blogomorangodonordeste.com.br\/wp-content\/uploads\/2025\/02\/IMG_4270-150x150.jpeg 150w\" sizes=\"auto, (max-width: 554px) 100vw, 554px\" \/><\/p>\n<p style=\"text-align: justify;\">Os rodovi\u00e1rios de S\u00e3o Lu\u00eds e regi\u00e3o metropolitana iniciaram greve geral nesta segunda-feira (17), retirando 100% da frota de \u00f4nibus e impactando cerca de 700 mil usu\u00e1rios.<\/p>\n<p style=\"text-align: justify;\">Segundo o Sindicato dos Rodovi\u00e1rios do Maranh\u00e3o (Sttrema), a paralisa\u00e7\u00e3o ocorre ap\u00f3s fracasso nas negocia\u00e7\u00f5es com o Sindicato das Empresas de Transporte (SET).<\/p>\n<p style=\"text-align: justify;\">Entre as principais reivindica\u00e7\u00f5es est\u00e3o reajuste salarial, melhor ticket alimenta\u00e7\u00e3o (R$ 1.300 ou R$ 1.500, conforme a fun\u00e7\u00e3o), inclus\u00e3o de dependentes nos planos de sa\u00fade e odontol\u00f3gico, e seguro em caso de falecimento.<\/p>\n<p style=\"text-align: justify;\">Apesar de uma liminar que determinava a circula\u00e7\u00e3o de 80% da frota, a ordem n\u00e3o foi cumprida, e a audi\u00eancia de concilia\u00e7\u00e3o realizada no TRT-MA na \u00faltima sexta-feira (14) n\u00e3o obteve acordo.<\/p>\n","protected":false},"excerpt":{"rendered":"<p>Os rodovi\u00e1rios de S\u00e3o Lu\u00eds e regi\u00e3o metropolitana iniciaram greve geral nesta segunda-feira (17), retirando 100% da frota de \u00f4nibus e impactando cerca de 700 mil usu\u00e1rios. Segundo o Sindicato dos Rodovi\u00e1rios do Maranh\u00e3o (Sttrema), a paralisa\u00e7\u00e3o ocorre ap\u00f3s fracasso nas negocia\u00e7\u00f5es com o Sindicato das Empresas de Transporte (SET). Entre as principais reivindica\u00e7\u00f5es est\u00e3o [&hellip;]<\/p>\n","protected":false},"author":1,"featured_media":0,"comment_status":"open","ping_status":"open","sticky":false,"template":"","format":"standard","meta":{"footnotes":""},"categories":[1],"tags":[],"yst_prominent_words":[],"class_list":["post-1552","post","type-post","status-publish","format-standard","hentry","category-noticia-geral"],"_links":{"self":[{"href":"https:\/\/blogomorangodonordeste.com.br\/index.php\/wp-json\/wp\/v2\/posts\/1552","targetHints":{"allow":["GET"]}}],"collection":[{"href":"https:\/\/blogomorangodonordeste.com.br\/index.php\/wp-json\/wp\/v2\/posts"}],"about":[{"href":"https:\/\/blogomorangodonordeste.com.br\/index.php\/wp-json\/wp\/v2\/types\/post"}],"author":[{"embeddable":true,"href":"https:\/\/blogomorangodonordeste.com.br\/index.php\/wp-json\/wp\/v2\/users\/1"}],"replies":[{"embeddable":true,"href":"https:\/\/blogomorangodonordeste.com.br\/index.php\/wp-json\/wp\/v2\/comments?post=1552"}],"version-history":[{"count":3,"href":"https:\/\/blogomorangodonordeste.com.br\/index.php\/wp-json\/wp\/v2\/posts\/1552\/revisions"}],"predecessor-version":[{"id":1556,"href":"https:\/\/blogomorangodonordeste.com.br\/index.php\/wp-json\/wp\/v2\/posts\/1552\/revisions\/1556"}],"wp:attachment":[{"href":"https:\/\/blogomorangodonordeste.com.br\/index.php\/wp-json\/wp\/v2\/media?parent=1552"}],"wp:term":[{"taxonomy":"category","embeddable":true,"href":"https:\/\/blogomorangodonordeste.com.br\/index.php\/wp-json\/wp\/v2\/categories?post=1552"},{"taxonomy":"post_tag","embeddable":true,"href":"https:\/\/blogomorangodonordeste.com.br\/index.php\/wp-json\/wp\/v2\/tags?post=1552"},{"taxonomy":"yst_prominent_words","embeddable":true,"href":"https:\/\/blogomorangodonordeste.com.br\/index.php\/wp-json\/wp\/v2\/yst_prominent_words?post=1552"}],"curies":[{"name":"wp","href":"https:\/\/api.w.org\/{rel}","templated":true}]}}