{"id":1410,"date":"2024-10-19T17:30:54","date_gmt":"2024-10-19T20:30:54","guid":{"rendered":"https:\/\/blogomorangodonordeste.com.br\/?p=1410"},"modified":"2024-10-19T17:32:14","modified_gmt":"2024-10-19T20:32:14","slug":"assembleia-de-deus-brisa-do-mar-vai-comemorar-30-anos-de-congregacao","status":"publish","type":"post","link":"https:\/\/blogomorangodonordeste.com.br\/index.php\/2024\/10\/19\/assembleia-de-deus-brisa-do-mar-vai-comemorar-30-anos-de-congregacao\/","title":{"rendered":"Assembleia de Deus Brisa do Mar vai comemorar 30 anos de congrega\u00e7\u00e3o"},"content":{"rendered":"<p style=\"text-align: justify;\">A Assembleia de Deus Congrega\u00e7\u00e3o Brisa do Mar vai festejar os seus 30 anos de funda\u00e7\u00e3o com um mega evento para seus membros e frequentadores.<\/p>\n<p style=\"text-align: justify;\">A super festa ocorrer\u00e1 nos dias 25, 26 e 27 de outubro, na congrega\u00e7\u00e3o \u00e1rea 57, localizada na Avenida Argentina S\/N bairro Brisa do Mar. Participe deste momento hist\u00f3rico que vai marcar os cora\u00e7\u00f5es de todos os presentes.<\/p>\n<p><iframe loading=\"lazy\" title=\"Assembleia de Deus Brisa do Mar vai comemorar 30 anos de congrega\u00e7\u00e3o\" width=\"565\" height=\"318\" src=\"https:\/\/www.youtube.com\/embed\/EWmo64k1xhs?feature=oembed\" frameborder=\"0\" allow=\"accelerometer; autoplay; clipboard-write; encrypted-media; gyroscope; picture-in-picture; web-share\" referrerpolicy=\"strict-origin-when-cross-origin\" allowfullscreen><\/iframe><\/p>\n","protected":false},"excerpt":{"rendered":"<p>A Assembleia de Deus Congrega\u00e7\u00e3o Brisa do Mar vai festejar os seus 30 anos de funda\u00e7\u00e3o com um mega evento para seus membros e frequentadores. A super festa ocorrer\u00e1 nos dias 25, 26 e 27 de outubro, na congrega\u00e7\u00e3o \u00e1rea 57, localizada na Avenida Argentina S\/N bairro Brisa do Mar. Participe deste momento hist\u00f3rico que [&hellip;]<\/p>\n","protected":false},"author":1,"featured_media":0,"comment_status":"open","ping_status":"open","sticky":false,"template":"","format":"standard","meta":{"footnotes":""},"categories":[1],"tags":[444],"yst_prominent_words":[],"class_list":["post-1410","post","type-post","status-publish","format-standard","hentry","category-noticia-geral","tag-assembleia-de-deus-brisa-do-mar-vai-comemorar-30-anos-de-congregacao"],"_links":{"self":[{"href":"https:\/\/blogomorangodonordeste.com.br\/index.php\/wp-json\/wp\/v2\/posts\/1410","targetHints":{"allow":["GET"]}}],"collection":[{"href":"https:\/\/blogomorangodonordeste.com.br\/index.php\/wp-json\/wp\/v2\/posts"}],"about":[{"href":"https:\/\/blogomorangodonordeste.com.br\/index.php\/wp-json\/wp\/v2\/types\/post"}],"author":[{"embeddable":true,"href":"https:\/\/blogomorangodonordeste.com.br\/index.php\/wp-json\/wp\/v2\/users\/1"}],"replies":[{"embeddable":true,"href":"https:\/\/blogomorangodonordeste.com.br\/index.php\/wp-json\/wp\/v2\/comments?post=1410"}],"version-history":[{"count":2,"href":"https:\/\/blogomorangodonordeste.com.br\/index.php\/wp-json\/wp\/v2\/posts\/1410\/revisions"}],"predecessor-version":[{"id":1413,"href":"https:\/\/blogomorangodonordeste.com.br\/index.php\/wp-json\/wp\/v2\/posts\/1410\/revisions\/1413"}],"wp:attachment":[{"href":"https:\/\/blogomorangodonordeste.com.br\/index.php\/wp-json\/wp\/v2\/media?parent=1410"}],"wp:term":[{"taxonomy":"category","embeddable":true,"href":"https:\/\/blogomorangodonordeste.com.br\/index.php\/wp-json\/wp\/v2\/categories?post=1410"},{"taxonomy":"post_tag","embeddable":true,"href":"https:\/\/blogomorangodonordeste.com.br\/index.php\/wp-json\/wp\/v2\/tags?post=1410"},{"taxonomy":"yst_prominent_words","embeddable":true,"href":"https:\/\/blogomorangodonordeste.com.br\/index.php\/wp-json\/wp\/v2\/yst_prominent_words?post=1410"}],"curies":[{"name":"wp","href":"https:\/\/api.w.org\/{rel}","templated":true}]}}