{"id":1318,"date":"2024-08-28T13:58:10","date_gmt":"2024-08-28T16:58:10","guid":{"rendered":"https:\/\/blogomorangodonordeste.com.br\/?p=1318"},"modified":"2024-08-28T14:04:14","modified_gmt":"2024-08-28T17:04:14","slug":"grande-festa-marca-celebracao-dos-168-anos-de-sao-vicente-ferrer","status":"publish","type":"post","link":"https:\/\/blogomorangodonordeste.com.br\/index.php\/2024\/08\/28\/grande-festa-marca-celebracao-dos-168-anos-de-sao-vicente-ferrer\/","title":{"rendered":"Grande festa marca celebra\u00e7\u00e3o dos 168 anos de S\u00e3o Vicente F\u00e9rrer"},"content":{"rendered":"<p><iframe loading=\"lazy\" title=\"Grande festa marca celebra\u00e7\u00e3o dos 168 anos de S\u00e3o Vicente F\u00e9rrer\" width=\"565\" height=\"318\" src=\"https:\/\/www.youtube.com\/embed\/KuDANYcs9o0?feature=oembed\" frameborder=\"0\" allow=\"accelerometer; autoplay; clipboard-write; encrypted-media; gyroscope; picture-in-picture; web-share\" referrerpolicy=\"strict-origin-when-cross-origin\" allowfullscreen><\/iframe><\/p>\n<p style=\"text-align: justify;\">Os 168 anos de emancipa\u00e7\u00e3o pol\u00edtica de S\u00e3o Vicente F\u00e9rrer, celebrado ontem, dia 27, foi marcado por uma grande festa organizada pelo prefeito Adriano Freitas.<\/p>\n<p style=\"text-align: justify;\">A cantora M\u00e1rcia Fellipe colocou as milhares de pessoas presentes para dan\u00e7ar ao som dos seus principais sucessos. Tamb\u00e9m se apresentou o cantor Thiago Freitas, encerrando uma noite hist\u00f3rica e inesquec\u00edvel para a popula\u00e7\u00e3o.<\/p>\n<p style=\"text-align: justify;\">O prefeito Adriano Freitas destacou que os 168 anos de S\u00e3o Vicente F\u00e9rrer \u00e9 um marco significativo para sua gest\u00e3o.<\/p>\n<p style=\"text-align: justify;\">\u201cNos leva a refletir sobre esses tr\u00eas anos e meio de muito progresso e crescimento. Esse per\u00edodo tem sido um testemunho de nossas conquistas e evolu\u00e7\u00e3o, e \u00e9 um momento para reconhecer o quanto avan\u00e7amos. Que essa data inspire a continuidade do nosso desenvolvimento e fortalecimento de nossas conquistas\u201d, declarou Adriano Freitas.<\/p>\n","protected":false},"excerpt":{"rendered":"<p>Os 168 anos de emancipa\u00e7\u00e3o pol\u00edtica de S\u00e3o Vicente F\u00e9rrer, celebrado ontem, dia 27, foi marcado por uma grande festa organizada pelo prefeito Adriano Freitas. A cantora M\u00e1rcia Fellipe colocou as milhares de pessoas presentes para dan\u00e7ar ao som dos seus principais sucessos. Tamb\u00e9m se apresentou o cantor Thiago Freitas, encerrando uma noite hist\u00f3rica e [&hellip;]<\/p>\n","protected":false},"author":1,"featured_media":0,"comment_status":"open","ping_status":"open","sticky":false,"template":"","format":"standard","meta":{"footnotes":""},"categories":[1],"tags":[422],"yst_prominent_words":[],"class_list":["post-1318","post","type-post","status-publish","format-standard","hentry","category-noticia-geral","tag-grande-festa-marca-celebracao-dos-168-anos-de-sao-vicente-ferrer"],"_links":{"self":[{"href":"https:\/\/blogomorangodonordeste.com.br\/index.php\/wp-json\/wp\/v2\/posts\/1318","targetHints":{"allow":["GET"]}}],"collection":[{"href":"https:\/\/blogomorangodonordeste.com.br\/index.php\/wp-json\/wp\/v2\/posts"}],"about":[{"href":"https:\/\/blogomorangodonordeste.com.br\/index.php\/wp-json\/wp\/v2\/types\/post"}],"author":[{"embeddable":true,"href":"https:\/\/blogomorangodonordeste.com.br\/index.php\/wp-json\/wp\/v2\/users\/1"}],"replies":[{"embeddable":true,"href":"https:\/\/blogomorangodonordeste.com.br\/index.php\/wp-json\/wp\/v2\/comments?post=1318"}],"version-history":[{"count":4,"href":"https:\/\/blogomorangodonordeste.com.br\/index.php\/wp-json\/wp\/v2\/posts\/1318\/revisions"}],"predecessor-version":[{"id":1322,"href":"https:\/\/blogomorangodonordeste.com.br\/index.php\/wp-json\/wp\/v2\/posts\/1318\/revisions\/1322"}],"wp:attachment":[{"href":"https:\/\/blogomorangodonordeste.com.br\/index.php\/wp-json\/wp\/v2\/media?parent=1318"}],"wp:term":[{"taxonomy":"category","embeddable":true,"href":"https:\/\/blogomorangodonordeste.com.br\/index.php\/wp-json\/wp\/v2\/categories?post=1318"},{"taxonomy":"post_tag","embeddable":true,"href":"https:\/\/blogomorangodonordeste.com.br\/index.php\/wp-json\/wp\/v2\/tags?post=1318"},{"taxonomy":"yst_prominent_words","embeddable":true,"href":"https:\/\/blogomorangodonordeste.com.br\/index.php\/wp-json\/wp\/v2\/yst_prominent_words?post=1318"}],"curies":[{"name":"wp","href":"https:\/\/api.w.org\/{rel}","templated":true}]}}