{"id":1313,"date":"2024-08-26T20:37:40","date_gmt":"2024-08-26T23:37:40","guid":{"rendered":"https:\/\/blogomorangodonordeste.com.br\/?p=1313"},"modified":"2024-08-26T20:39:22","modified_gmt":"2024-08-26T23:39:22","slug":"em-lancamento-de-candidatura-vereador-maquinhos-e-aclamado-pelo-povo","status":"publish","type":"post","link":"https:\/\/blogomorangodonordeste.com.br\/index.php\/2024\/08\/26\/em-lancamento-de-candidatura-vereador-maquinhos-e-aclamado-pelo-povo\/","title":{"rendered":"Em lan\u00e7amento de candidatura, vereador Maquinhos \u00e9 aclamado pelo povo"},"content":{"rendered":"<div style=\"width: 478px;\" class=\"wp-video\"><video class=\"wp-video-shortcode\" id=\"video-1313-1\" width=\"478\" height=\"850\" preload=\"metadata\" controls=\"controls\"><source type=\"video\/mp4\" src=\"https:\/\/blogomorangodonordeste.com.br\/wp-content\/uploads\/2024\/08\/VID-20240826-WA2635.mp4?_=1\" \/><a href=\"https:\/\/blogomorangodonordeste.com.br\/wp-content\/uploads\/2024\/08\/VID-20240826-WA2635.mp4\">https:\/\/blogomorangodonordeste.com.br\/wp-content\/uploads\/2024\/08\/VID-20240826-WA2635.mp4<\/a><\/video><\/div>\n<p style=\"text-align: justify;\">Uma grande festa marcou o lan\u00e7amento da candidatura do vereador Marquinhos, conhecido como Embaixador. Milhares de pessoas presenciaram o evento hist\u00f3rico realizado na regi\u00e3o do Turu, e que contou com grandes nomes da pol\u00edtica maranhense.<\/p>\n<p style=\"text-align: justify;\">Estavam presentes prestigiando Marquinhos o governador Carlos Brand\u00e3o, deputado federal e candidato a prefeito Duarte Jr. e o secret\u00e1rio de Desenvolvimento Social, Paulo Cas\u00e9 Fernandes.<\/p>\n<p style=\"text-align: justify;\">Marquinhos, o Embaixador, tem deixado a sua marca em S\u00e3o Lu\u00eds como um dos vereadores mais atuantes da C\u00e2mara Municipal. O candidato tem o apoio do governador Carlos Brand\u00e3o, que abre muitos caminhos e fortalece a sua reelei\u00e7\u00e3o.<\/p>\n<p style=\"text-align: justify;\">\u201cN\u00e3o vou decepcionar, ser\u00e3o mais quatro anos de muito trabalho e compromisso com a nossa cidade. Estou pronto para fazer muito mais, garantindo ainda mais progresso para as nossas comunidades que precisam muito da nossa aten\u00e7\u00e3o. Contem comigo e vamos juntos caminhar para mais uma grande vit\u00f3ria\u201d, declarou o Embaixador.<\/p>\n","protected":false},"excerpt":{"rendered":"<p>Uma grande festa marcou o lan\u00e7amento da candidatura do vereador Marquinhos, conhecido como Embaixador. Milhares de pessoas presenciaram o evento hist\u00f3rico realizado na regi\u00e3o do Turu, e que contou com grandes nomes da pol\u00edtica maranhense. Estavam presentes prestigiando Marquinhos o governador Carlos Brand\u00e3o, deputado federal e candidato a prefeito Duarte Jr. e o secret\u00e1rio de [&hellip;]<\/p>\n","protected":false},"author":1,"featured_media":0,"comment_status":"open","ping_status":"open","sticky":false,"template":"","format":"standard","meta":{"footnotes":""},"categories":[1],"tags":[420,421],"yst_prominent_words":[],"class_list":["post-1313","post","type-post","status-publish","format-standard","hentry","category-noticia-geral","tag-em-lancamento-de-candidatura","tag-vereador-maquinhos-e-aclamado-pelo-povo"],"_links":{"self":[{"href":"https:\/\/blogomorangodonordeste.com.br\/index.php\/wp-json\/wp\/v2\/posts\/1313","targetHints":{"allow":["GET"]}}],"collection":[{"href":"https:\/\/blogomorangodonordeste.com.br\/index.php\/wp-json\/wp\/v2\/posts"}],"about":[{"href":"https:\/\/blogomorangodonordeste.com.br\/index.php\/wp-json\/wp\/v2\/types\/post"}],"author":[{"embeddable":true,"href":"https:\/\/blogomorangodonordeste.com.br\/index.php\/wp-json\/wp\/v2\/users\/1"}],"replies":[{"embeddable":true,"href":"https:\/\/blogomorangodonordeste.com.br\/index.php\/wp-json\/wp\/v2\/comments?post=1313"}],"version-history":[{"count":3,"href":"https:\/\/blogomorangodonordeste.com.br\/index.php\/wp-json\/wp\/v2\/posts\/1313\/revisions"}],"predecessor-version":[{"id":1317,"href":"https:\/\/blogomorangodonordeste.com.br\/index.php\/wp-json\/wp\/v2\/posts\/1313\/revisions\/1317"}],"wp:attachment":[{"href":"https:\/\/blogomorangodonordeste.com.br\/index.php\/wp-json\/wp\/v2\/media?parent=1313"}],"wp:term":[{"taxonomy":"category","embeddable":true,"href":"https:\/\/blogomorangodonordeste.com.br\/index.php\/wp-json\/wp\/v2\/categories?post=1313"},{"taxonomy":"post_tag","embeddable":true,"href":"https:\/\/blogomorangodonordeste.com.br\/index.php\/wp-json\/wp\/v2\/tags?post=1313"},{"taxonomy":"yst_prominent_words","embeddable":true,"href":"https:\/\/blogomorangodonordeste.com.br\/index.php\/wp-json\/wp\/v2\/yst_prominent_words?post=1313"}],"curies":[{"name":"wp","href":"https:\/\/api.w.org\/{rel}","templated":true}]}}