{"id":1308,"date":"2024-08-21T14:03:15","date_gmt":"2024-08-21T17:03:15","guid":{"rendered":"https:\/\/blogomorangodonordeste.com.br\/?p=1308"},"modified":"2024-08-21T14:03:57","modified_gmt":"2024-08-21T17:03:57","slug":"campanha-de-americo-da-saude-dispara-em-sao-bento","status":"publish","type":"post","link":"https:\/\/blogomorangodonordeste.com.br\/index.php\/2024\/08\/21\/campanha-de-americo-da-saude-dispara-em-sao-bento\/","title":{"rendered":"Campanha de Am\u00e9rico da Sa\u00fade dispara em S\u00e3o Bento\u00a0"},"content":{"rendered":"<div style=\"width: 480px;\" class=\"wp-video\"><video class=\"wp-video-shortcode\" id=\"video-1308-1\" width=\"480\" height=\"480\" preload=\"metadata\" controls=\"controls\"><source type=\"video\/mp4\" src=\"https:\/\/blogomorangodonordeste.com.br\/wp-content\/uploads\/2024\/08\/VID-20240820-WA0798.mp4?_=1\" \/><a href=\"https:\/\/blogomorangodonordeste.com.br\/wp-content\/uploads\/2024\/08\/VID-20240820-WA0798.mp4\">https:\/\/blogomorangodonordeste.com.br\/wp-content\/uploads\/2024\/08\/VID-20240820-WA0798.mp4<\/a><\/video><\/div>\n<p style=\"text-align: justify;\">O vereador de S\u00e3o Bento e candidato a reelei\u00e7\u00e3o, Am\u00e9rico da Sa\u00fade, iniciou sua campanha nos bra\u00e7os do povo. Am\u00e9rico tem seu trabalho reconhecido por conta dos in\u00fameros servi\u00e7os prestados nas comunidades.<\/p>\n<p style=\"text-align: justify;\">Recentemente, em pesquisa divulgada pelo Instituto Exata, Am\u00e9rico da Sa\u00fade aparece em 2\u00ba lugar em uma poss\u00edvel reelei\u00e7\u00e3o, este resultado \u00e9 o reconhecimento de seu excelente trabalho desempenhado na C\u00e2mara Municipal de S\u00e3o Bento.<\/p>\n<p style=\"text-align: justify;\">Por onde Am\u00e9rico da Sa\u00fade passa, nos bairros, comunidades e zona rural, \u00e9 not\u00f3rio o apoio do povo e a vontade de que, por mais quatro anos, haja mais trabalho e garantia de muitas melhorias na estrutura do munic\u00edpio.<\/p>\n<p style=\"text-align: justify;\">Am\u00e9rico da Sa\u00fade tem o apoio irrestrito do prefeito de S\u00e3o Bento, Dino Penha, juntos, eles far\u00e3o ainda mais pela cidade.<\/p>\n","protected":false},"excerpt":{"rendered":"<p>O vereador de S\u00e3o Bento e candidato a reelei\u00e7\u00e3o, Am\u00e9rico da Sa\u00fade, iniciou sua campanha nos bra\u00e7os do povo. Am\u00e9rico tem seu trabalho reconhecido por conta dos in\u00fameros servi\u00e7os prestados nas comunidades. Recentemente, em pesquisa divulgada pelo Instituto Exata, Am\u00e9rico da Sa\u00fade aparece em 2\u00ba lugar em uma poss\u00edvel reelei\u00e7\u00e3o, este resultado \u00e9 o reconhecimento [&hellip;]<\/p>\n","protected":false},"author":1,"featured_media":0,"comment_status":"open","ping_status":"open","sticky":false,"template":"","format":"standard","meta":{"footnotes":""},"categories":[1],"tags":[],"yst_prominent_words":[],"class_list":["post-1308","post","type-post","status-publish","format-standard","hentry","category-noticia-geral"],"_links":{"self":[{"href":"https:\/\/blogomorangodonordeste.com.br\/index.php\/wp-json\/wp\/v2\/posts\/1308","targetHints":{"allow":["GET"]}}],"collection":[{"href":"https:\/\/blogomorangodonordeste.com.br\/index.php\/wp-json\/wp\/v2\/posts"}],"about":[{"href":"https:\/\/blogomorangodonordeste.com.br\/index.php\/wp-json\/wp\/v2\/types\/post"}],"author":[{"embeddable":true,"href":"https:\/\/blogomorangodonordeste.com.br\/index.php\/wp-json\/wp\/v2\/users\/1"}],"replies":[{"embeddable":true,"href":"https:\/\/blogomorangodonordeste.com.br\/index.php\/wp-json\/wp\/v2\/comments?post=1308"}],"version-history":[{"count":2,"href":"https:\/\/blogomorangodonordeste.com.br\/index.php\/wp-json\/wp\/v2\/posts\/1308\/revisions"}],"predecessor-version":[{"id":1311,"href":"https:\/\/blogomorangodonordeste.com.br\/index.php\/wp-json\/wp\/v2\/posts\/1308\/revisions\/1311"}],"wp:attachment":[{"href":"https:\/\/blogomorangodonordeste.com.br\/index.php\/wp-json\/wp\/v2\/media?parent=1308"}],"wp:term":[{"taxonomy":"category","embeddable":true,"href":"https:\/\/blogomorangodonordeste.com.br\/index.php\/wp-json\/wp\/v2\/categories?post=1308"},{"taxonomy":"post_tag","embeddable":true,"href":"https:\/\/blogomorangodonordeste.com.br\/index.php\/wp-json\/wp\/v2\/tags?post=1308"},{"taxonomy":"yst_prominent_words","embeddable":true,"href":"https:\/\/blogomorangodonordeste.com.br\/index.php\/wp-json\/wp\/v2\/yst_prominent_words?post=1308"}],"curies":[{"name":"wp","href":"https:\/\/api.w.org\/{rel}","templated":true}]}}