{"id":1163,"date":"2024-06-13T09:36:55","date_gmt":"2024-06-13T12:36:55","guid":{"rendered":"https:\/\/blogomorangodonordeste.com.br\/?p=1163"},"modified":"2024-06-13T09:39:44","modified_gmt":"2024-06-13T12:39:44","slug":"crise-em-sao-joao-batista-descaso-com-a-populacao-e-ostentacao-da-primeira-dama","status":"publish","type":"post","link":"https:\/\/blogomorangodonordeste.com.br\/index.php\/2024\/06\/13\/crise-em-sao-joao-batista-descaso-com-a-populacao-e-ostentacao-da-primeira-dama\/","title":{"rendered":"Crise em S\u00e3o Jo\u00e3o Batista: Descaso com a Popula\u00e7\u00e3o e Ostenta\u00e7\u00e3o da Primeira Dama"},"content":{"rendered":"<p>&nbsp;<\/p>\n<div style=\"width: 480px;\" class=\"wp-video\"><video class=\"wp-video-shortcode\" id=\"video-1163-1\" width=\"480\" height=\"848\" preload=\"metadata\" controls=\"controls\"><source type=\"video\/mp4\" src=\"https:\/\/blogomorangodonordeste.com.br\/wp-content\/uploads\/2024\/06\/VID-20240612-WA0391.mp4?_=1\" \/><a href=\"https:\/\/blogomorangodonordeste.com.br\/wp-content\/uploads\/2024\/06\/VID-20240612-WA0391.mp4\">https:\/\/blogomorangodonordeste.com.br\/wp-content\/uploads\/2024\/06\/VID-20240612-WA0391.mp4<\/a><\/video><\/div>\n<p><img loading=\"lazy\" decoding=\"async\" class=\"alignnone size-full wp-image-1167\" src=\"https:\/\/blogomorangodonordeste.com.br\/wp-content\/uploads\/2024\/06\/IMG-20240612-WA0389.jpg\" alt=\"\" width=\"1600\" height=\"1600\" srcset=\"https:\/\/blogomorangodonordeste.com.br\/wp-content\/uploads\/2024\/06\/IMG-20240612-WA0389.jpg 1600w, https:\/\/blogomorangodonordeste.com.br\/wp-content\/uploads\/2024\/06\/IMG-20240612-WA0389-300x300.jpg 300w, https:\/\/blogomorangodonordeste.com.br\/wp-content\/uploads\/2024\/06\/IMG-20240612-WA0389-1024x1024.jpg 1024w, https:\/\/blogomorangodonordeste.com.br\/wp-content\/uploads\/2024\/06\/IMG-20240612-WA0389-150x150.jpg 150w, https:\/\/blogomorangodonordeste.com.br\/wp-content\/uploads\/2024\/06\/IMG-20240612-WA0389-768x768.jpg 768w, https:\/\/blogomorangodonordeste.com.br\/wp-content\/uploads\/2024\/06\/IMG-20240612-WA0389-1536x1536.jpg 1536w\" sizes=\"auto, (max-width: 1600px) 100vw, 1600px\" \/> <img loading=\"lazy\" decoding=\"async\" class=\"alignnone size-full wp-image-1168\" src=\"https:\/\/blogomorangodonordeste.com.br\/wp-content\/uploads\/2024\/06\/IMG-20240612-WA0388.jpg\" alt=\"\" width=\"1086\" height=\"1600\" srcset=\"https:\/\/blogomorangodonordeste.com.br\/wp-content\/uploads\/2024\/06\/IMG-20240612-WA0388.jpg 1086w, https:\/\/blogomorangodonordeste.com.br\/wp-content\/uploads\/2024\/06\/IMG-20240612-WA0388-204x300.jpg 204w, https:\/\/blogomorangodonordeste.com.br\/wp-content\/uploads\/2024\/06\/IMG-20240612-WA0388-695x1024.jpg 695w, https:\/\/blogomorangodonordeste.com.br\/wp-content\/uploads\/2024\/06\/IMG-20240612-WA0388-768x1131.jpg 768w, https:\/\/blogomorangodonordeste.com.br\/wp-content\/uploads\/2024\/06\/IMG-20240612-WA0388-1043x1536.jpg 1043w\" sizes=\"auto, (max-width: 1086px) 100vw, 1086px\" \/><\/p>\n<div style=\"width: 480px;\" class=\"wp-video\"><video class=\"wp-video-shortcode\" id=\"video-1163-2\" width=\"480\" height=\"848\" preload=\"metadata\" controls=\"controls\"><source type=\"video\/mp4\" src=\"https:\/\/blogomorangodonordeste.com.br\/wp-content\/uploads\/2024\/06\/VID-20240612-WA0390.mp4?_=2\" \/><a href=\"https:\/\/blogomorangodonordeste.com.br\/wp-content\/uploads\/2024\/06\/VID-20240612-WA0390.mp4\">https:\/\/blogomorangodonordeste.com.br\/wp-content\/uploads\/2024\/06\/VID-20240612-WA0390.mp4<\/a><\/video><\/div>\n<p style=\"text-align: justify;\">S\u00e3o Jo\u00e3o Batista enfrenta uma grave crise em infraestrutura, sa\u00fade e seguran\u00e7a enquanto a ostenta\u00e7\u00e3o da primeira dama nas redes sociais causa revolta na popula\u00e7\u00e3o.<\/p>\n<p style=\"text-align: justify;\">A cidade de S\u00e3o Jo\u00e3o Batista est\u00e1 mergulhada em um cen\u00e1rio de abandono e descaso, com a popula\u00e7\u00e3o sofrendo as consequ\u00eancias de uma administra\u00e7\u00e3o negligente. As estradas est\u00e3o em condi\u00e7\u00f5es deplor\u00e1veis, transformando-se em lama\u00e7ais durante o per\u00edodo de chuvas, a sa\u00fade p\u00fablica enfrenta um verdadeiro colapso com leitos lotadas e sem recursos, a educa\u00e7\u00e3o \u00e9 classificada como p\u00e9ssima, e a falta de seguran\u00e7a assola os moradores.<\/p>\n<p style=\"text-align: justify;\">Enquanto isso, o prefeito Mecinho e a primeira dama parecem viver em uma realidade paralela. Recentes v\u00eddeos e fotos que circulam nas redes sociais mostram o casal em festas e eventos luxuosos, sem qualquer preocupa\u00e7\u00e3o com a situa\u00e7\u00e3o ca\u00f3tica da cidade. A ostenta\u00e7\u00e3o tem gerado uma onda de indigna\u00e7\u00e3o entre os eleitores, que se sentem tra\u00eddos por aqueles que deveriam zelar pelo bem-estar da popula\u00e7\u00e3o.<\/p>\n<p style=\"text-align: justify;\">Segundo fontes, a primeira dama tem sido vista usando um cord\u00e3o de ouro branco avaliado em cerca de 452 mil reais. Al\u00e9m disso, ela ostenta uma pulseira de ouro 18 quilates, cujo valor \u00e9 estimado em quase 30 mil reais, e uma sand\u00e1lia da marca Gucci, avaliada em aproximadamente 4 mil reais. Essas imagens t\u00eam sido compartilhadas amplamente nas redes sociais, evidenciando o contraste entre a vida luxuosa do casal e a mis\u00e9ria enfrentada pela popula\u00e7\u00e3o.<\/p>\n<p style=\"text-align: justify;\">Informa\u00e7\u00f5es apontam que a verdadeira autoridade na cidade \u00e9 a primeira dama, que, al\u00e9m de suas fun\u00e7\u00f5es protocolares, acumula o cargo de secret\u00e1ria municipal, exercendo grande influ\u00eancia sobre as decis\u00f5es administrativas. Este ac\u00famulo de poder tem gerado questionamentos sobre a transpar\u00eancia e a \u00e9tica na gest\u00e3o municipal.<\/p>\n<p style=\"text-align: justify;\">O descaso com a infraestrutura da cidade \u00e9 um reflexo da m\u00e1 administra\u00e7\u00e3o. As estradas, que deveriam ser vias seguras para o tr\u00e1fego, transformam-se em armadilhas perigosas, prejudicando a locomo\u00e7\u00e3o dos cidad\u00e3os e dificultando o acesso a servi\u00e7os b\u00e1sicos. Na \u00e1rea da sa\u00fade, a situa\u00e7\u00e3o \u00e9 cr\u00edtica, com falta de equipamentos, medicamentos e profissionais, comprometendo o atendimento e colocando vidas em risco.<\/p>\n<p style=\"text-align: justify;\">Na educa\u00e7\u00e3o, a precariedade das escolas e a falta de investimentos comprometem o futuro das crian\u00e7as e jovens de S\u00e3o Jo\u00e3o Batista. A seguran\u00e7a p\u00fablica, por sua vez, \u00e9 insuficiente para garantir a tranquilidade dos moradores, que vivem em constante estado de alerta.<\/p>\n<p style=\"text-align: justify;\">Em meio a essa crise generalizada, a postura da primeira dama e do prefeito \u00e9 vista como uma afronta \u00e0 dignidade da popula\u00e7\u00e3o. A ostenta\u00e7\u00e3o de joias e itens de luxo nas redes sociais \u00e9 interpretada como um desrespeito \u00e0queles que lutam diariamente para sobreviver em condi\u00e7\u00f5es adversas.<\/p>\n<p style=\"text-align: justify;\">A revolta dos eleitores \u00e9 compreens\u00edvel, e cresce a press\u00e3o por uma mudan\u00e7a na gest\u00e3o da cidade. A popula\u00e7\u00e3o de S\u00e3o Jo\u00e3o Batista exige transpar\u00eancia, responsabilidade e um compromisso real com o desenvolvimento e bem-estar de todos. \u00c9 imperativo que as autoridades municipais respondam a essa demanda e trabalhem para reverter o cen\u00e1rio de abandono que impera na cidade.<\/p>\n<p style=\"text-align: justify;\">\n","protected":false},"excerpt":{"rendered":"<p>&nbsp; S\u00e3o Jo\u00e3o Batista enfrenta uma grave crise em infraestrutura, sa\u00fade e seguran\u00e7a enquanto a ostenta\u00e7\u00e3o da primeira dama nas redes sociais causa revolta na popula\u00e7\u00e3o. A cidade de S\u00e3o Jo\u00e3o Batista est\u00e1 mergulhada em um cen\u00e1rio de abandono e descaso, com a popula\u00e7\u00e3o sofrendo as consequ\u00eancias de uma administra\u00e7\u00e3o negligente. As estradas est\u00e3o em [&hellip;]<\/p>\n","protected":false},"author":1,"featured_media":1168,"comment_status":"open","ping_status":"open","sticky":false,"template":"","format":"standard","meta":{"footnotes":""},"categories":[1],"tags":[389,390],"yst_prominent_words":[],"class_list":["post-1163","post","type-post","status-publish","format-standard","has-post-thumbnail","hentry","category-noticia-geral","tag-crise-em-sao-joao-batista-descaso-com-a-populacao-e-ostentacao-da-primeira-dama","tag-prefeito-mecinho"],"_links":{"self":[{"href":"https:\/\/blogomorangodonordeste.com.br\/index.php\/wp-json\/wp\/v2\/posts\/1163","targetHints":{"allow":["GET"]}}],"collection":[{"href":"https:\/\/blogomorangodonordeste.com.br\/index.php\/wp-json\/wp\/v2\/posts"}],"about":[{"href":"https:\/\/blogomorangodonordeste.com.br\/index.php\/wp-json\/wp\/v2\/types\/post"}],"author":[{"embeddable":true,"href":"https:\/\/blogomorangodonordeste.com.br\/index.php\/wp-json\/wp\/v2\/users\/1"}],"replies":[{"embeddable":true,"href":"https:\/\/blogomorangodonordeste.com.br\/index.php\/wp-json\/wp\/v2\/comments?post=1163"}],"version-history":[{"count":3,"href":"https:\/\/blogomorangodonordeste.com.br\/index.php\/wp-json\/wp\/v2\/posts\/1163\/revisions"}],"predecessor-version":[{"id":1171,"href":"https:\/\/blogomorangodonordeste.com.br\/index.php\/wp-json\/wp\/v2\/posts\/1163\/revisions\/1171"}],"wp:featuredmedia":[{"embeddable":true,"href":"https:\/\/blogomorangodonordeste.com.br\/index.php\/wp-json\/wp\/v2\/media\/1168"}],"wp:attachment":[{"href":"https:\/\/blogomorangodonordeste.com.br\/index.php\/wp-json\/wp\/v2\/media?parent=1163"}],"wp:term":[{"taxonomy":"category","embeddable":true,"href":"https:\/\/blogomorangodonordeste.com.br\/index.php\/wp-json\/wp\/v2\/categories?post=1163"},{"taxonomy":"post_tag","embeddable":true,"href":"https:\/\/blogomorangodonordeste.com.br\/index.php\/wp-json\/wp\/v2\/tags?post=1163"},{"taxonomy":"yst_prominent_words","embeddable":true,"href":"https:\/\/blogomorangodonordeste.com.br\/index.php\/wp-json\/wp\/v2\/yst_prominent_words?post=1163"}],"curies":[{"name":"wp","href":"https:\/\/api.w.org\/{rel}","templated":true}]}}